{"id":94325,"date":"2026-04-30T16:00:21","date_gmt":"2026-04-30T16:00:21","guid":{"rendered":"https:\/\/www.mycello.it\/?p=94325"},"modified":"2026-04-17T18:11:07","modified_gmt":"2026-04-17T18:11:07","slug":"antonin-dvorak-serenade-for-strings-op-22","status":"publish","type":"post","link":"https:\/\/www.mycello.it\/en\/antonin-dvorak-serenade-for-strings-op-22\/","title":{"rendered":"Anton\u00edn Dvo\u0159\u00e1k, Serenade for Strings, Op.22"},"content":{"rendered":"<p>On May 1, 1904, the composer Anton\u00edn Leopold Dvo\u0159\u00e1k died in Prague. MyCello remembers him by proposing a music <a href=\"https:\/\/youtu.be\/GOPsXJoatEI?list=RDGOPsXJoatEI\" target=\"_blank\" rel=\"noopener\"><strong>video<\/strong><\/a> and the <a href=\"https:\/\/imslp.org\/wiki\/Serenade_for_Strings%2C_Op.22_(Dvo%C5%99%C3%A1k%2C_Anton%C3%ADn)\" target=\"_blank\" rel=\"noopener\"><strong>score<\/strong><\/a> of his <em>Serenade for Strings, Op.22.<\/em><\/p>\n","protected":false},"excerpt":{"rendered":"<p>On May 1, 1904, the composer Anton\u00edn Leopold Dvo\u0159\u00e1k died in Prague. MyCello remembers him by proposing a music video and the score of his Serenade for Strings, Op.22.<\/p>\n","protected":false},"author":3,"featured_media":0,"comment_status":"closed","ping_status":"closed","sticky":false,"template":"","format":"standard","meta":{"_acf_changed":false,"footnotes":""},"categories":[403,409],"tags":[2239,2240,2244,4335,4481,5650,5940,390,1553],"class_list":["post-94325","post","type-post","status-publish","format-standard","hentry","category-repertorio-en","category-in-evidence","tag-violoncello-en","tag-spartito-en","tag-online-en","tag-antonin-dvorak-en","tag-op-22-en","tag-cello-en-2","tag-serenade-for-strings-en","tag-cello","tag-free"],"acf":[],"aioseo_notices":[],"_links":{"self":[{"href":"https:\/\/www.mycello.it\/en\/wp-json\/wp\/v2\/posts\/94325","targetHints":{"allow":["GET"]}}],"collection":[{"href":"https:\/\/www.mycello.it\/en\/wp-json\/wp\/v2\/posts"}],"about":[{"href":"https:\/\/www.mycello.it\/en\/wp-json\/wp\/v2\/types\/post"}],"author":[{"embeddable":true,"href":"https:\/\/www.mycello.it\/en\/wp-json\/wp\/v2\/users\/3"}],"replies":[{"embeddable":true,"href":"https:\/\/www.mycello.it\/en\/wp-json\/wp\/v2\/comments?post=94325"}],"version-history":[{"count":1,"href":"https:\/\/www.mycello.it\/en\/wp-json\/wp\/v2\/posts\/94325\/revisions"}],"predecessor-version":[{"id":94326,"href":"https:\/\/www.mycello.it\/en\/wp-json\/wp\/v2\/posts\/94325\/revisions\/94326"}],"wp:attachment":[{"href":"https:\/\/www.mycello.it\/en\/wp-json\/wp\/v2\/media?parent=94325"}],"wp:term":[{"taxonomy":"category","embeddable":true,"href":"https:\/\/www.mycello.it\/en\/wp-json\/wp\/v2\/categories?post=94325"},{"taxonomy":"post_tag","embeddable":true,"href":"https:\/\/www.mycello.it\/en\/wp-json\/wp\/v2\/tags?post=94325"}],"curies":[{"name":"wp","href":"https:\/\/api.w.org\/{rel}","templated":true}]}}